{"id":60,"date":"2016-03-02T18:13:08","date_gmt":"2016-03-02T17:13:08","guid":{"rendered":"https:\/\/leavalti.com\/?p=60"},"modified":"2017-03-31T11:40:23","modified_gmt":"2017-03-31T09:40:23","slug":"prelude-al-teatro-tor-bella-monaca","status":"publish","type":"post","link":"https:\/\/leavalti.com\/it\/prelude-al-teatro-tor-bella-monaca\/","title":{"rendered":"PRELUDE al Teatro Tor Bella Monaca"},"content":{"rendered":"<h2 style=\"text-align: center;\">PRELUDE al Teatro Tor Bella Monaca: musica, parole, riflessioni<\/h2>\n<p><img loading=\"lazy\" decoding=\"async\" src=\"https:\/\/leavalti.com\/wp-content\/uploads\/2016\/12\/prelude-torbella-1.png\" alt=\"\" width=\"727\" height=\"354\" class=\"aligncenter size-full wp-image-61\" \/><\/p>\n<p>\u201cUn veliero nella tempesta, senza timone n\u00e9 capitano, ecco cos\u2019ero\u2026\u201d La presentazione del romanzo di esordio di Lea Valti, PRELUDE, svoltosi il 18 giugno scorso al Teatro Tor Bella Monaca, si presenta fin dal suo inizio come un viaggio nel viaggio, un intenso cammino nell\u2019ambiguo percorso di crescita e di formazione del giovane William Druce, protagonista del romanzo, nella Scozia del XIX secolo.<\/p>\n<p>Edito da Armando Curcio, il libro \u00e8 stato presentato ufficialmente alla XXVIII edizione del Salone del Libro di Torino ed \u00e8 gi\u00e0 in ristampa, segno che la fiducia dell\u2019editore in un\u2019esordiente sia stata ben riposta, oltre che della longevit\u00e0 delle vampire story presso il pubblico dei lettori.<br \/>\nVa detto, per\u00f2, come messo in luce nel corso della presentazione, che PRELUDE sfugge a una etichettatura troppo netta e al contrario pu\u00f2 essere apprezzato soprattutto per la variet\u00e0 dei temi e il conseguente intreccio dei piani di lettura, i quali trasformano il nostro fantasy-horror in un romanzo di formazione che si misura con le turbolenze dell\u2019adolescenza e tutti gli aspetti ad essa connessa \u2013 quali il desiderio di ribellione, il rapporto genitori-figli, l\u2019amicizia, l\u2019amore \u2013 e da qui s\u2019insinua nelle pieghe pi\u00f9 riposte e buie dell\u2019animo umano. Si potrebbe anche considerare PRELUDE un romanzo di viaggio, seppur non in senso stretto, raccontando esso il faticoso cammino \u2013 materiale e spirituale \u2013 attraverso cui William imparer\u00e0 a conoscere e infine accettare il proprio lato oscuro, quel lato oscuro che ciascuno pu\u00f2 scorgere dentro di s\u00e9 e che forse spiega il fascino che la figura del vampiro esercita su lettori e cinefili fin dall&#8217;Ottocento.<\/p>\n<p>Sul palco si alternano, ben illuminati nel buio della sala, le musiche celtiche delle Banshee; le acute analisi della moderatrice Giusy Locurcio, docente di Lettere e giornalista pubblicista, con l\u2019autrice Lea Valti; la voce di Simone C\u00e0stano, che con un\u2019abile interpretazione d\u00e0 corpo e vita alle pagine del romanzo. Tre elementi che conducono il pubblico attraverso un percorso che dalle suggestioni musicali degli strumenti tradizionali irlandesi (bodhran, fiddle, tin whistle e chitarra), si inoltra nelle pagine del libro che meglio raccontano i personaggi, le ambientazioni e le atmosfere gotico-romantiche, lo stile fotografico, i momenti di snodo nella trama, le tecniche narrative, per poi andare ancor pi\u00f9 in profondit\u00e0 nell\u2019esame di tali componenti narrative, fino alle radici storico-letterarie del genere gotico, nel quale ha avuto origine il mito letterario dei vampiri, e del tema della luna caro ai poeti, presente in PRELUDE quale simbolo della sorte mutevole dell\u2019uomo.<\/p>\n<p>Dall\u2019accurata presentazione emerge, dunque, l\u2019immagine di un\u2019autrice molto abile e scrupolosa, che ha saputo modellare e cesellare con cura l\u2019inattesa ispirazione letteraria, amalgamandola alle proprie passioni e alle proprie esperienze, prima fra tutte quella di docente, che le ha permesso di confrontarsi quotidianamente con la bellezza e le difficolt\u00e0 del viaggio che i ragazzi affrontano nella tempesta dell\u2019adolescenza. Affiora, infine, grazie anche ai commenti di chi lo ha gi\u00e0 letto, l\u2019idea di un libro che appassiona e coinvolge lettori di tutte le et\u00e0 e che, vale la pena sottolinearlo, ben si presterebbe a diventare un film. Si potrebbe cos\u00ec chiudere il ciclo che ha portato Lea Valti a scrivere le immagini che le si presentavano via via alla mente, e un nuovo viaggio cominciare.<\/p>\n","protected":false},"excerpt":{"rendered":"<p>PRELUDE al Teatro Tor Bella Monaca: musica, parole, riflessioni \u201cUn veliero nella tempesta, senza timone n\u00e9 capitano, ecco cos\u2019ero\u2026\u201d La presentazione del romanzo di esordio di<span class=\"excerpt-hellip\"> [\u2026]<\/span><\/p>\n","protected":false},"author":1,"featured_media":2512,"comment_status":"open","ping_status":"open","sticky":false,"template":"","format":"standard","meta":{"ngg_post_thumbnail":0,"footnotes":""},"categories":[19,2],"tags":[],"class_list":["post-60","post","type-post","status-publish","format-standard","has-post-thumbnail","hentry","category-eventi","category-novita"],"yoast_head":"<!-- This site is optimized with the Yoast SEO plugin v26.8 - https:\/\/yoast.com\/product\/yoast-seo-wordpress\/ -->\n<title>PRELUDE al Teatro Tor Bella Monaca - Lea Valti<\/title>\n<meta name=\"robots\" content=\"index, follow, max-snippet:-1, max-image-preview:large, max-video-preview:-1\" \/>\n<link rel=\"canonical\" href=\"https:\/\/leavalti.com\/it\/prelude-al-teatro-tor-bella-monaca\/\" \/>\n<meta property=\"og:locale\" content=\"it_IT\" \/>\n<meta property=\"og:type\" content=\"article\" \/>\n<meta property=\"og:title\" content=\"PRELUDE al Teatro Tor Bella Monaca - Lea Valti\" \/>\n<meta property=\"og:description\" content=\"PRELUDE al Teatro Tor Bella Monaca: musica, parole, riflessioni \u201cUn veliero nella tempesta, senza timone n\u00e9 capitano, ecco cos\u2019ero\u2026\u201d La presentazione del romanzo di esordio di [\u2026]\" \/>\n<meta property=\"og:url\" content=\"https:\/\/leavalti.com\/it\/prelude-al-teatro-tor-bella-monaca\/\" \/>\n<meta property=\"og:site_name\" content=\"Lea Valti\" \/>\n<meta property=\"article:published_time\" content=\"2016-03-02T17:13:08+00:00\" \/>\n<meta property=\"article:modified_time\" content=\"2017-03-31T09:40:23+00:00\" \/>\n<meta property=\"og:image\" content=\"https:\/\/leavalti.com\/wp-content\/uploads\/2016\/03\/prelude-torbella.png\" \/>\n\t<meta property=\"og:image:width\" content=\"727\" \/>\n\t<meta property=\"og:image:height\" content=\"354\" \/>\n\t<meta property=\"og:image:type\" content=\"image\/png\" \/>\n<meta name=\"author\" content=\"@ObanSannita2017\" \/>\n<meta name=\"twitter:card\" content=\"summary_large_image\" \/>\n<meta name=\"twitter:label1\" content=\"Scritto da\" \/>\n\t<meta name=\"twitter:data1\" content=\"@ObanSannita2017\" \/>\n\t<meta name=\"twitter:label2\" content=\"Tempo di lettura stimato\" \/>\n\t<meta name=\"twitter:data2\" content=\"3 minuti\" \/>\n<script type=\"application\/ld+json\" class=\"yoast-schema-graph\">{\"@context\":\"https:\/\/schema.org\",\"@graph\":[{\"@type\":\"Article\",\"@id\":\"https:\/\/leavalti.com\/it\/prelude-al-teatro-tor-bella-monaca\/#article\",\"isPartOf\":{\"@id\":\"https:\/\/leavalti.com\/it\/prelude-al-teatro-tor-bella-monaca\/\"},\"author\":{\"name\":\"@ObanSannita2017\",\"@id\":\"https:\/\/leavalti.com\/it\/#\/schema\/person\/1599a5490d313a7d8fd6df61728182c2\"},\"headline\":\"PRELUDE al Teatro Tor Bella Monaca\",\"datePublished\":\"2016-03-02T17:13:08+00:00\",\"dateModified\":\"2017-03-31T09:40:23+00:00\",\"mainEntityOfPage\":{\"@id\":\"https:\/\/leavalti.com\/it\/prelude-al-teatro-tor-bella-monaca\/\"},\"wordCount\":562,\"commentCount\":0,\"image\":{\"@id\":\"https:\/\/leavalti.com\/it\/prelude-al-teatro-tor-bella-monaca\/#primaryimage\"},\"thumbnailUrl\":\"https:\/\/leavalti.com\/wp-content\/uploads\/2016\/03\/prelude-torbella.png\",\"articleSection\":[\"Eventi\",\"Novit\u00e0\"],\"inLanguage\":\"it-IT\",\"potentialAction\":[{\"@type\":\"CommentAction\",\"name\":\"Comment\",\"target\":[\"https:\/\/leavalti.com\/it\/prelude-al-teatro-tor-bella-monaca\/#respond\"]}]},{\"@type\":\"WebPage\",\"@id\":\"https:\/\/leavalti.com\/it\/prelude-al-teatro-tor-bella-monaca\/\",\"url\":\"https:\/\/leavalti.com\/it\/prelude-al-teatro-tor-bella-monaca\/\",\"name\":\"PRELUDE al Teatro Tor Bella Monaca - Lea Valti\",\"isPartOf\":{\"@id\":\"https:\/\/leavalti.com\/it\/#website\"},\"primaryImageOfPage\":{\"@id\":\"https:\/\/leavalti.com\/it\/prelude-al-teatro-tor-bella-monaca\/#primaryimage\"},\"image\":{\"@id\":\"https:\/\/leavalti.com\/it\/prelude-al-teatro-tor-bella-monaca\/#primaryimage\"},\"thumbnailUrl\":\"https:\/\/leavalti.com\/wp-content\/uploads\/2016\/03\/prelude-torbella.png\",\"datePublished\":\"2016-03-02T17:13:08+00:00\",\"dateModified\":\"2017-03-31T09:40:23+00:00\",\"author\":{\"@id\":\"https:\/\/leavalti.com\/it\/#\/schema\/person\/1599a5490d313a7d8fd6df61728182c2\"},\"breadcrumb\":{\"@id\":\"https:\/\/leavalti.com\/it\/prelude-al-teatro-tor-bella-monaca\/#breadcrumb\"},\"inLanguage\":\"it-IT\",\"potentialAction\":[{\"@type\":\"ReadAction\",\"target\":[\"https:\/\/leavalti.com\/it\/prelude-al-teatro-tor-bella-monaca\/\"]}]},{\"@type\":\"ImageObject\",\"inLanguage\":\"it-IT\",\"@id\":\"https:\/\/leavalti.com\/it\/prelude-al-teatro-tor-bella-monaca\/#primaryimage\",\"url\":\"https:\/\/leavalti.com\/wp-content\/uploads\/2016\/03\/prelude-torbella.png\",\"contentUrl\":\"https:\/\/leavalti.com\/wp-content\/uploads\/2016\/03\/prelude-torbella.png\",\"width\":727,\"height\":354},{\"@type\":\"BreadcrumbList\",\"@id\":\"https:\/\/leavalti.com\/it\/prelude-al-teatro-tor-bella-monaca\/#breadcrumb\",\"itemListElement\":[{\"@type\":\"ListItem\",\"position\":1,\"name\":\"Home\",\"item\":\"https:\/\/leavalti.com\/it\/\"},{\"@type\":\"ListItem\",\"position\":2,\"name\":\"PRELUDE al Teatro Tor Bella Monaca\"}]},{\"@type\":\"WebSite\",\"@id\":\"https:\/\/leavalti.com\/it\/#website\",\"url\":\"https:\/\/leavalti.com\/it\/\",\"name\":\"Lea Valti\",\"description\":\"Discovering a writer\",\"potentialAction\":[{\"@type\":\"SearchAction\",\"target\":{\"@type\":\"EntryPoint\",\"urlTemplate\":\"https:\/\/leavalti.com\/it\/?s={search_term_string}\"},\"query-input\":{\"@type\":\"PropertyValueSpecification\",\"valueRequired\":true,\"valueName\":\"search_term_string\"}}],\"inLanguage\":\"it-IT\"},{\"@type\":\"Person\",\"@id\":\"https:\/\/leavalti.com\/it\/#\/schema\/person\/1599a5490d313a7d8fd6df61728182c2\",\"name\":\"@ObanSannita2017\",\"image\":{\"@type\":\"ImageObject\",\"inLanguage\":\"it-IT\",\"@id\":\"https:\/\/leavalti.com\/it\/#\/schema\/person\/image\/\",\"url\":\"https:\/\/secure.gravatar.com\/avatar\/524b228728a24d68a6ebad57eeea4c58?s=96&d=mm&r=g\",\"contentUrl\":\"https:\/\/secure.gravatar.com\/avatar\/524b228728a24d68a6ebad57eeea4c58?s=96&d=mm&r=g\",\"caption\":\"@ObanSannita2017\"},\"url\":\"https:\/\/leavalti.com\/it\/author\/ysbagency\/\"}]}<\/script>\n<!-- \/ Yoast SEO plugin. -->","yoast_head_json":{"title":"PRELUDE al Teatro Tor Bella Monaca - Lea Valti","robots":{"index":"index","follow":"follow","max-snippet":"max-snippet:-1","max-image-preview":"max-image-preview:large","max-video-preview":"max-video-preview:-1"},"canonical":"https:\/\/leavalti.com\/it\/prelude-al-teatro-tor-bella-monaca\/","og_locale":"it_IT","og_type":"article","og_title":"PRELUDE al Teatro Tor Bella Monaca - Lea Valti","og_description":"PRELUDE al Teatro Tor Bella Monaca: musica, parole, riflessioni \u201cUn veliero nella tempesta, senza timone n\u00e9 capitano, ecco cos\u2019ero\u2026\u201d La presentazione del romanzo di esordio di [\u2026]","og_url":"https:\/\/leavalti.com\/it\/prelude-al-teatro-tor-bella-monaca\/","og_site_name":"Lea Valti","article_published_time":"2016-03-02T17:13:08+00:00","article_modified_time":"2017-03-31T09:40:23+00:00","og_image":[{"width":727,"height":354,"url":"https:\/\/leavalti.com\/wp-content\/uploads\/2016\/03\/prelude-torbella.png","type":"image\/png"}],"author":"@ObanSannita2017","twitter_card":"summary_large_image","twitter_misc":{"Scritto da":"@ObanSannita2017","Tempo di lettura stimato":"3 minuti"},"schema":{"@context":"https:\/\/schema.org","@graph":[{"@type":"Article","@id":"https:\/\/leavalti.com\/it\/prelude-al-teatro-tor-bella-monaca\/#article","isPartOf":{"@id":"https:\/\/leavalti.com\/it\/prelude-al-teatro-tor-bella-monaca\/"},"author":{"name":"@ObanSannita2017","@id":"https:\/\/leavalti.com\/it\/#\/schema\/person\/1599a5490d313a7d8fd6df61728182c2"},"headline":"PRELUDE al Teatro Tor Bella Monaca","datePublished":"2016-03-02T17:13:08+00:00","dateModified":"2017-03-31T09:40:23+00:00","mainEntityOfPage":{"@id":"https:\/\/leavalti.com\/it\/prelude-al-teatro-tor-bella-monaca\/"},"wordCount":562,"commentCount":0,"image":{"@id":"https:\/\/leavalti.com\/it\/prelude-al-teatro-tor-bella-monaca\/#primaryimage"},"thumbnailUrl":"https:\/\/leavalti.com\/wp-content\/uploads\/2016\/03\/prelude-torbella.png","articleSection":["Eventi","Novit\u00e0"],"inLanguage":"it-IT","potentialAction":[{"@type":"CommentAction","name":"Comment","target":["https:\/\/leavalti.com\/it\/prelude-al-teatro-tor-bella-monaca\/#respond"]}]},{"@type":"WebPage","@id":"https:\/\/leavalti.com\/it\/prelude-al-teatro-tor-bella-monaca\/","url":"https:\/\/leavalti.com\/it\/prelude-al-teatro-tor-bella-monaca\/","name":"PRELUDE al Teatro Tor Bella Monaca - Lea Valti","isPartOf":{"@id":"https:\/\/leavalti.com\/it\/#website"},"primaryImageOfPage":{"@id":"https:\/\/leavalti.com\/it\/prelude-al-teatro-tor-bella-monaca\/#primaryimage"},"image":{"@id":"https:\/\/leavalti.com\/it\/prelude-al-teatro-tor-bella-monaca\/#primaryimage"},"thumbnailUrl":"https:\/\/leavalti.com\/wp-content\/uploads\/2016\/03\/prelude-torbella.png","datePublished":"2016-03-02T17:13:08+00:00","dateModified":"2017-03-31T09:40:23+00:00","author":{"@id":"https:\/\/leavalti.com\/it\/#\/schema\/person\/1599a5490d313a7d8fd6df61728182c2"},"breadcrumb":{"@id":"https:\/\/leavalti.com\/it\/prelude-al-teatro-tor-bella-monaca\/#breadcrumb"},"inLanguage":"it-IT","potentialAction":[{"@type":"ReadAction","target":["https:\/\/leavalti.com\/it\/prelude-al-teatro-tor-bella-monaca\/"]}]},{"@type":"ImageObject","inLanguage":"it-IT","@id":"https:\/\/leavalti.com\/it\/prelude-al-teatro-tor-bella-monaca\/#primaryimage","url":"https:\/\/leavalti.com\/wp-content\/uploads\/2016\/03\/prelude-torbella.png","contentUrl":"https:\/\/leavalti.com\/wp-content\/uploads\/2016\/03\/prelude-torbella.png","width":727,"height":354},{"@type":"BreadcrumbList","@id":"https:\/\/leavalti.com\/it\/prelude-al-teatro-tor-bella-monaca\/#breadcrumb","itemListElement":[{"@type":"ListItem","position":1,"name":"Home","item":"https:\/\/leavalti.com\/it\/"},{"@type":"ListItem","position":2,"name":"PRELUDE al Teatro Tor Bella Monaca"}]},{"@type":"WebSite","@id":"https:\/\/leavalti.com\/it\/#website","url":"https:\/\/leavalti.com\/it\/","name":"Lea Valti","description":"Discovering a writer","potentialAction":[{"@type":"SearchAction","target":{"@type":"EntryPoint","urlTemplate":"https:\/\/leavalti.com\/it\/?s={search_term_string}"},"query-input":{"@type":"PropertyValueSpecification","valueRequired":true,"valueName":"search_term_string"}}],"inLanguage":"it-IT"},{"@type":"Person","@id":"https:\/\/leavalti.com\/it\/#\/schema\/person\/1599a5490d313a7d8fd6df61728182c2","name":"@ObanSannita2017","image":{"@type":"ImageObject","inLanguage":"it-IT","@id":"https:\/\/leavalti.com\/it\/#\/schema\/person\/image\/","url":"https:\/\/secure.gravatar.com\/avatar\/524b228728a24d68a6ebad57eeea4c58?s=96&d=mm&r=g","contentUrl":"https:\/\/secure.gravatar.com\/avatar\/524b228728a24d68a6ebad57eeea4c58?s=96&d=mm&r=g","caption":"@ObanSannita2017"},"url":"https:\/\/leavalti.com\/it\/author\/ysbagency\/"}]}},"_links":{"self":[{"href":"https:\/\/leavalti.com\/it\/wp-json\/wp\/v2\/posts\/60","targetHints":{"allow":["GET"]}}],"collection":[{"href":"https:\/\/leavalti.com\/it\/wp-json\/wp\/v2\/posts"}],"about":[{"href":"https:\/\/leavalti.com\/it\/wp-json\/wp\/v2\/types\/post"}],"author":[{"embeddable":true,"href":"https:\/\/leavalti.com\/it\/wp-json\/wp\/v2\/users\/1"}],"replies":[{"embeddable":true,"href":"https:\/\/leavalti.com\/it\/wp-json\/wp\/v2\/comments?post=60"}],"version-history":[{"count":1,"href":"https:\/\/leavalti.com\/it\/wp-json\/wp\/v2\/posts\/60\/revisions"}],"predecessor-version":[{"id":2552,"href":"https:\/\/leavalti.com\/it\/wp-json\/wp\/v2\/posts\/60\/revisions\/2552"}],"wp:featuredmedia":[{"embeddable":true,"href":"https:\/\/leavalti.com\/it\/wp-json\/wp\/v2\/media\/2512"}],"wp:attachment":[{"href":"https:\/\/leavalti.com\/it\/wp-json\/wp\/v2\/media?parent=60"}],"wp:term":[{"taxonomy":"category","embeddable":true,"href":"https:\/\/leavalti.com\/it\/wp-json\/wp\/v2\/categories?post=60"},{"taxonomy":"post_tag","embeddable":true,"href":"https:\/\/leavalti.com\/it\/wp-json\/wp\/v2\/tags?post=60"}],"curies":[{"name":"wp","href":"https:\/\/api.w.org\/{rel}","templated":true}]}}