{"id":57,"date":"2016-03-01T18:10:49","date_gmt":"2016-03-01T17:10:49","guid":{"rendered":"https:\/\/leavalti.com\/?p=57"},"modified":"2017-03-31T11:41:24","modified_gmt":"2017-03-31T09:41:24","slug":"la-vita-e-un-sentiero-con-la-dott-ssa-danza-a-la-feltrinelli-di-pavia","status":"publish","type":"post","link":"https:\/\/leavalti.com\/it\/la-vita-e-un-sentiero-con-la-dott-ssa-danza-a-la-feltrinelli-di-pavia\/","title":{"rendered":"&#8220;La Vita \u00e8 un sentiero&#8221; con la Dott.ssa Danza a La Feltrinelli di Pavia"},"content":{"rendered":"<p>L&#8217;incontro con i lettori di Pavia \u00e8 stato veramente molto emozionante; l&#8217;autrice ha vissuto a Pavia per molti anni ed ha conservato con la citt\u00e0 un legame speciale che non si \u00e8 assottigliato nel tempo.<\/p>\n<p>La D.ssa FRANCESCA DANZA, dell&#8217;ASSOCIAZIONE JONAS, ha curato la presentazione del romanzo ed ha evidenziato i diversi piani di lettura di PRELUDE, offrendo un&#8217;interpretazione analitica di alcune tematiche.<\/p>\n<p>La lettura dei brani \u00e8 stata affidata all&#8217;attore EMANUELE BUGANZA.<\/p>\n<p>Al termine della presentazione l&#8217;incontro con i lettori per un momento di confronto e per la dedica personalizzata!<\/p>\n","protected":false},"excerpt":{"rendered":"<p>L&#8217;incontro con i lettori di Pavia \u00e8 stato veramente molto emozionante; l&#8217;autrice ha vissuto a Pavia per molti anni ed ha conservato con la citt\u00e0 un<span class=\"excerpt-hellip\"> [\u2026]<\/span><\/p>\n","protected":false},"author":1,"featured_media":2517,"comment_status":"open","ping_status":"open","sticky":false,"template":"","format":"standard","meta":{"ngg_post_thumbnail":0,"footnotes":""},"categories":[19,2],"tags":[],"class_list":["post-57","post","type-post","status-publish","format-standard","has-post-thumbnail","hentry","category-eventi","category-novita"],"yoast_head":"<!-- This site is optimized with the Yoast SEO plugin v26.8 - https:\/\/yoast.com\/product\/yoast-seo-wordpress\/ -->\n<title>&quot;La Vita \u00e8 un sentiero&quot; con la Dott.ssa Danza a La Feltrinelli di Pavia - Lea Valti<\/title>\n<meta name=\"robots\" content=\"index, follow, max-snippet:-1, max-image-preview:large, max-video-preview:-1\" \/>\n<link rel=\"canonical\" href=\"https:\/\/leavalti.com\/it\/la-vita-e-un-sentiero-con-la-dott-ssa-danza-a-la-feltrinelli-di-pavia\/\" \/>\n<meta property=\"og:locale\" content=\"it_IT\" \/>\n<meta property=\"og:type\" content=\"article\" \/>\n<meta property=\"og:title\" content=\"&quot;La Vita \u00e8 un sentiero&quot; con la Dott.ssa Danza a La Feltrinelli di Pavia - Lea Valti\" \/>\n<meta property=\"og:description\" content=\"L&#8217;incontro con i lettori di Pavia \u00e8 stato veramente molto emozionante; l&#8217;autrice ha vissuto a Pavia per molti anni ed ha conservato con la citt\u00e0 un [\u2026]\" \/>\n<meta property=\"og:url\" content=\"https:\/\/leavalti.com\/it\/la-vita-e-un-sentiero-con-la-dott-ssa-danza-a-la-feltrinelli-di-pavia\/\" \/>\n<meta property=\"og:site_name\" content=\"Lea Valti\" \/>\n<meta property=\"article:published_time\" content=\"2016-03-01T17:10:49+00:00\" \/>\n<meta property=\"article:modified_time\" content=\"2017-03-31T09:41:24+00:00\" \/>\n<meta property=\"og:image\" content=\"https:\/\/leavalti.com\/wp-content\/uploads\/2016\/03\/feltrinelli-logo.jpg\" \/>\n\t<meta property=\"og:image:width\" content=\"625\" \/>\n\t<meta property=\"og:image:height\" content=\"350\" \/>\n\t<meta property=\"og:image:type\" content=\"image\/jpeg\" \/>\n<meta name=\"author\" content=\"@ObanSannita2017\" \/>\n<meta name=\"twitter:card\" content=\"summary_large_image\" \/>\n<meta name=\"twitter:label1\" content=\"Scritto da\" \/>\n\t<meta name=\"twitter:data1\" content=\"@ObanSannita2017\" \/>\n<script type=\"application\/ld+json\" class=\"yoast-schema-graph\">{\"@context\":\"https:\/\/schema.org\",\"@graph\":[{\"@type\":\"Article\",\"@id\":\"https:\/\/leavalti.com\/it\/la-vita-e-un-sentiero-con-la-dott-ssa-danza-a-la-feltrinelli-di-pavia\/#article\",\"isPartOf\":{\"@id\":\"https:\/\/leavalti.com\/it\/la-vita-e-un-sentiero-con-la-dott-ssa-danza-a-la-feltrinelli-di-pavia\/\"},\"author\":{\"name\":\"@ObanSannita2017\",\"@id\":\"https:\/\/leavalti.com\/it\/#\/schema\/person\/1599a5490d313a7d8fd6df61728182c2\"},\"headline\":\"&#8220;La Vita \u00e8 un sentiero&#8221; con la Dott.ssa Danza a La Feltrinelli di Pavia\",\"datePublished\":\"2016-03-01T17:10:49+00:00\",\"dateModified\":\"2017-03-31T09:41:24+00:00\",\"mainEntityOfPage\":{\"@id\":\"https:\/\/leavalti.com\/it\/la-vita-e-un-sentiero-con-la-dott-ssa-danza-a-la-feltrinelli-di-pavia\/\"},\"wordCount\":103,\"commentCount\":0,\"image\":{\"@id\":\"https:\/\/leavalti.com\/it\/la-vita-e-un-sentiero-con-la-dott-ssa-danza-a-la-feltrinelli-di-pavia\/#primaryimage\"},\"thumbnailUrl\":\"https:\/\/leavalti.com\/wp-content\/uploads\/2016\/03\/feltrinelli-logo.jpg\",\"articleSection\":[\"Eventi\",\"Novit\u00e0\"],\"inLanguage\":\"it-IT\",\"potentialAction\":[{\"@type\":\"CommentAction\",\"name\":\"Comment\",\"target\":[\"https:\/\/leavalti.com\/it\/la-vita-e-un-sentiero-con-la-dott-ssa-danza-a-la-feltrinelli-di-pavia\/#respond\"]}]},{\"@type\":\"WebPage\",\"@id\":\"https:\/\/leavalti.com\/it\/la-vita-e-un-sentiero-con-la-dott-ssa-danza-a-la-feltrinelli-di-pavia\/\",\"url\":\"https:\/\/leavalti.com\/it\/la-vita-e-un-sentiero-con-la-dott-ssa-danza-a-la-feltrinelli-di-pavia\/\",\"name\":\"\\\"La Vita \u00e8 un sentiero\\\" con la Dott.ssa Danza a La Feltrinelli di Pavia - Lea Valti\",\"isPartOf\":{\"@id\":\"https:\/\/leavalti.com\/it\/#website\"},\"primaryImageOfPage\":{\"@id\":\"https:\/\/leavalti.com\/it\/la-vita-e-un-sentiero-con-la-dott-ssa-danza-a-la-feltrinelli-di-pavia\/#primaryimage\"},\"image\":{\"@id\":\"https:\/\/leavalti.com\/it\/la-vita-e-un-sentiero-con-la-dott-ssa-danza-a-la-feltrinelli-di-pavia\/#primaryimage\"},\"thumbnailUrl\":\"https:\/\/leavalti.com\/wp-content\/uploads\/2016\/03\/feltrinelli-logo.jpg\",\"datePublished\":\"2016-03-01T17:10:49+00:00\",\"dateModified\":\"2017-03-31T09:41:24+00:00\",\"author\":{\"@id\":\"https:\/\/leavalti.com\/it\/#\/schema\/person\/1599a5490d313a7d8fd6df61728182c2\"},\"breadcrumb\":{\"@id\":\"https:\/\/leavalti.com\/it\/la-vita-e-un-sentiero-con-la-dott-ssa-danza-a-la-feltrinelli-di-pavia\/#breadcrumb\"},\"inLanguage\":\"it-IT\",\"potentialAction\":[{\"@type\":\"ReadAction\",\"target\":[\"https:\/\/leavalti.com\/it\/la-vita-e-un-sentiero-con-la-dott-ssa-danza-a-la-feltrinelli-di-pavia\/\"]}]},{\"@type\":\"ImageObject\",\"inLanguage\":\"it-IT\",\"@id\":\"https:\/\/leavalti.com\/it\/la-vita-e-un-sentiero-con-la-dott-ssa-danza-a-la-feltrinelli-di-pavia\/#primaryimage\",\"url\":\"https:\/\/leavalti.com\/wp-content\/uploads\/2016\/03\/feltrinelli-logo.jpg\",\"contentUrl\":\"https:\/\/leavalti.com\/wp-content\/uploads\/2016\/03\/feltrinelli-logo.jpg\",\"width\":625,\"height\":350},{\"@type\":\"BreadcrumbList\",\"@id\":\"https:\/\/leavalti.com\/it\/la-vita-e-un-sentiero-con-la-dott-ssa-danza-a-la-feltrinelli-di-pavia\/#breadcrumb\",\"itemListElement\":[{\"@type\":\"ListItem\",\"position\":1,\"name\":\"Home\",\"item\":\"https:\/\/leavalti.com\/it\/\"},{\"@type\":\"ListItem\",\"position\":2,\"name\":\"&#8220;La Vita \u00e8 un sentiero&#8221; con la Dott.ssa Danza a La Feltrinelli di Pavia\"}]},{\"@type\":\"WebSite\",\"@id\":\"https:\/\/leavalti.com\/it\/#website\",\"url\":\"https:\/\/leavalti.com\/it\/\",\"name\":\"Lea Valti\",\"description\":\"Discovering a writer\",\"potentialAction\":[{\"@type\":\"SearchAction\",\"target\":{\"@type\":\"EntryPoint\",\"urlTemplate\":\"https:\/\/leavalti.com\/it\/?s={search_term_string}\"},\"query-input\":{\"@type\":\"PropertyValueSpecification\",\"valueRequired\":true,\"valueName\":\"search_term_string\"}}],\"inLanguage\":\"it-IT\"},{\"@type\":\"Person\",\"@id\":\"https:\/\/leavalti.com\/it\/#\/schema\/person\/1599a5490d313a7d8fd6df61728182c2\",\"name\":\"@ObanSannita2017\",\"image\":{\"@type\":\"ImageObject\",\"inLanguage\":\"it-IT\",\"@id\":\"https:\/\/leavalti.com\/it\/#\/schema\/person\/image\/\",\"url\":\"https:\/\/secure.gravatar.com\/avatar\/524b228728a24d68a6ebad57eeea4c58?s=96&d=mm&r=g\",\"contentUrl\":\"https:\/\/secure.gravatar.com\/avatar\/524b228728a24d68a6ebad57eeea4c58?s=96&d=mm&r=g\",\"caption\":\"@ObanSannita2017\"},\"url\":\"https:\/\/leavalti.com\/it\/author\/ysbagency\/\"}]}<\/script>\n<!-- \/ Yoast SEO plugin. -->","yoast_head_json":{"title":"\"La Vita \u00e8 un sentiero\" con la Dott.ssa Danza a La Feltrinelli di Pavia - Lea Valti","robots":{"index":"index","follow":"follow","max-snippet":"max-snippet:-1","max-image-preview":"max-image-preview:large","max-video-preview":"max-video-preview:-1"},"canonical":"https:\/\/leavalti.com\/it\/la-vita-e-un-sentiero-con-la-dott-ssa-danza-a-la-feltrinelli-di-pavia\/","og_locale":"it_IT","og_type":"article","og_title":"\"La Vita \u00e8 un sentiero\" con la Dott.ssa Danza a La Feltrinelli di Pavia - Lea Valti","og_description":"L&#8217;incontro con i lettori di Pavia \u00e8 stato veramente molto emozionante; l&#8217;autrice ha vissuto a Pavia per molti anni ed ha conservato con la citt\u00e0 un [\u2026]","og_url":"https:\/\/leavalti.com\/it\/la-vita-e-un-sentiero-con-la-dott-ssa-danza-a-la-feltrinelli-di-pavia\/","og_site_name":"Lea Valti","article_published_time":"2016-03-01T17:10:49+00:00","article_modified_time":"2017-03-31T09:41:24+00:00","og_image":[{"width":625,"height":350,"url":"https:\/\/leavalti.com\/wp-content\/uploads\/2016\/03\/feltrinelli-logo.jpg","type":"image\/jpeg"}],"author":"@ObanSannita2017","twitter_card":"summary_large_image","twitter_misc":{"Scritto da":"@ObanSannita2017"},"schema":{"@context":"https:\/\/schema.org","@graph":[{"@type":"Article","@id":"https:\/\/leavalti.com\/it\/la-vita-e-un-sentiero-con-la-dott-ssa-danza-a-la-feltrinelli-di-pavia\/#article","isPartOf":{"@id":"https:\/\/leavalti.com\/it\/la-vita-e-un-sentiero-con-la-dott-ssa-danza-a-la-feltrinelli-di-pavia\/"},"author":{"name":"@ObanSannita2017","@id":"https:\/\/leavalti.com\/it\/#\/schema\/person\/1599a5490d313a7d8fd6df61728182c2"},"headline":"&#8220;La Vita \u00e8 un sentiero&#8221; con la Dott.ssa Danza a La Feltrinelli di Pavia","datePublished":"2016-03-01T17:10:49+00:00","dateModified":"2017-03-31T09:41:24+00:00","mainEntityOfPage":{"@id":"https:\/\/leavalti.com\/it\/la-vita-e-un-sentiero-con-la-dott-ssa-danza-a-la-feltrinelli-di-pavia\/"},"wordCount":103,"commentCount":0,"image":{"@id":"https:\/\/leavalti.com\/it\/la-vita-e-un-sentiero-con-la-dott-ssa-danza-a-la-feltrinelli-di-pavia\/#primaryimage"},"thumbnailUrl":"https:\/\/leavalti.com\/wp-content\/uploads\/2016\/03\/feltrinelli-logo.jpg","articleSection":["Eventi","Novit\u00e0"],"inLanguage":"it-IT","potentialAction":[{"@type":"CommentAction","name":"Comment","target":["https:\/\/leavalti.com\/it\/la-vita-e-un-sentiero-con-la-dott-ssa-danza-a-la-feltrinelli-di-pavia\/#respond"]}]},{"@type":"WebPage","@id":"https:\/\/leavalti.com\/it\/la-vita-e-un-sentiero-con-la-dott-ssa-danza-a-la-feltrinelli-di-pavia\/","url":"https:\/\/leavalti.com\/it\/la-vita-e-un-sentiero-con-la-dott-ssa-danza-a-la-feltrinelli-di-pavia\/","name":"\"La Vita \u00e8 un sentiero\" con la Dott.ssa Danza a La Feltrinelli di Pavia - Lea Valti","isPartOf":{"@id":"https:\/\/leavalti.com\/it\/#website"},"primaryImageOfPage":{"@id":"https:\/\/leavalti.com\/it\/la-vita-e-un-sentiero-con-la-dott-ssa-danza-a-la-feltrinelli-di-pavia\/#primaryimage"},"image":{"@id":"https:\/\/leavalti.com\/it\/la-vita-e-un-sentiero-con-la-dott-ssa-danza-a-la-feltrinelli-di-pavia\/#primaryimage"},"thumbnailUrl":"https:\/\/leavalti.com\/wp-content\/uploads\/2016\/03\/feltrinelli-logo.jpg","datePublished":"2016-03-01T17:10:49+00:00","dateModified":"2017-03-31T09:41:24+00:00","author":{"@id":"https:\/\/leavalti.com\/it\/#\/schema\/person\/1599a5490d313a7d8fd6df61728182c2"},"breadcrumb":{"@id":"https:\/\/leavalti.com\/it\/la-vita-e-un-sentiero-con-la-dott-ssa-danza-a-la-feltrinelli-di-pavia\/#breadcrumb"},"inLanguage":"it-IT","potentialAction":[{"@type":"ReadAction","target":["https:\/\/leavalti.com\/it\/la-vita-e-un-sentiero-con-la-dott-ssa-danza-a-la-feltrinelli-di-pavia\/"]}]},{"@type":"ImageObject","inLanguage":"it-IT","@id":"https:\/\/leavalti.com\/it\/la-vita-e-un-sentiero-con-la-dott-ssa-danza-a-la-feltrinelli-di-pavia\/#primaryimage","url":"https:\/\/leavalti.com\/wp-content\/uploads\/2016\/03\/feltrinelli-logo.jpg","contentUrl":"https:\/\/leavalti.com\/wp-content\/uploads\/2016\/03\/feltrinelli-logo.jpg","width":625,"height":350},{"@type":"BreadcrumbList","@id":"https:\/\/leavalti.com\/it\/la-vita-e-un-sentiero-con-la-dott-ssa-danza-a-la-feltrinelli-di-pavia\/#breadcrumb","itemListElement":[{"@type":"ListItem","position":1,"name":"Home","item":"https:\/\/leavalti.com\/it\/"},{"@type":"ListItem","position":2,"name":"&#8220;La Vita \u00e8 un sentiero&#8221; con la Dott.ssa Danza a La Feltrinelli di Pavia"}]},{"@type":"WebSite","@id":"https:\/\/leavalti.com\/it\/#website","url":"https:\/\/leavalti.com\/it\/","name":"Lea Valti","description":"Discovering a writer","potentialAction":[{"@type":"SearchAction","target":{"@type":"EntryPoint","urlTemplate":"https:\/\/leavalti.com\/it\/?s={search_term_string}"},"query-input":{"@type":"PropertyValueSpecification","valueRequired":true,"valueName":"search_term_string"}}],"inLanguage":"it-IT"},{"@type":"Person","@id":"https:\/\/leavalti.com\/it\/#\/schema\/person\/1599a5490d313a7d8fd6df61728182c2","name":"@ObanSannita2017","image":{"@type":"ImageObject","inLanguage":"it-IT","@id":"https:\/\/leavalti.com\/it\/#\/schema\/person\/image\/","url":"https:\/\/secure.gravatar.com\/avatar\/524b228728a24d68a6ebad57eeea4c58?s=96&d=mm&r=g","contentUrl":"https:\/\/secure.gravatar.com\/avatar\/524b228728a24d68a6ebad57eeea4c58?s=96&d=mm&r=g","caption":"@ObanSannita2017"},"url":"https:\/\/leavalti.com\/it\/author\/ysbagency\/"}]}},"_links":{"self":[{"href":"https:\/\/leavalti.com\/it\/wp-json\/wp\/v2\/posts\/57","targetHints":{"allow":["GET"]}}],"collection":[{"href":"https:\/\/leavalti.com\/it\/wp-json\/wp\/v2\/posts"}],"about":[{"href":"https:\/\/leavalti.com\/it\/wp-json\/wp\/v2\/types\/post"}],"author":[{"embeddable":true,"href":"https:\/\/leavalti.com\/it\/wp-json\/wp\/v2\/users\/1"}],"replies":[{"embeddable":true,"href":"https:\/\/leavalti.com\/it\/wp-json\/wp\/v2\/comments?post=57"}],"version-history":[{"count":1,"href":"https:\/\/leavalti.com\/it\/wp-json\/wp\/v2\/posts\/57\/revisions"}],"predecessor-version":[{"id":2553,"href":"https:\/\/leavalti.com\/it\/wp-json\/wp\/v2\/posts\/57\/revisions\/2553"}],"wp:featuredmedia":[{"embeddable":true,"href":"https:\/\/leavalti.com\/it\/wp-json\/wp\/v2\/media\/2517"}],"wp:attachment":[{"href":"https:\/\/leavalti.com\/it\/wp-json\/wp\/v2\/media?parent=57"}],"wp:term":[{"taxonomy":"category","embeddable":true,"href":"https:\/\/leavalti.com\/it\/wp-json\/wp\/v2\/categories?post=57"},{"taxonomy":"post_tag","embeddable":true,"href":"https:\/\/leavalti.com\/it\/wp-json\/wp\/v2\/tags?post=57"}],"curies":[{"name":"wp","href":"https:\/\/api.w.org\/{rel}","templated":true}]}}