{"id":3066,"date":"2017-05-02T15:51:22","date_gmt":"2017-05-02T13:51:22","guid":{"rendered":"https:\/\/leavalti.com\/?p=3066\/"},"modified":"2023-01-27T10:53:29","modified_gmt":"2023-01-27T09:53:29","slug":"il-paranormal-fantasy-torna-alle-origini","status":"publish","type":"post","link":"https:\/\/leavalti.com\/it\/il-paranormal-fantasy-torna-alle-origini\/","title":{"rendered":"Il paranormal fantasy torna alle origini"},"content":{"rendered":"<p align=\"justify\">Dopo aver letto l\u2019interessantissimo articolo di Matteo Rosati <a href=\"http:\/\/www.neimaran.it\/2016\/12\/09\/dracula-ed-il-vampiro-contemporaneo\/\" target=\"_blank\" rel=\"noopener noreferrer\">\u201cDracula e il vampiro contemporaneo\u201d<\/a> \u2013 che consiglio vivamente di leggere a chi ancora non lo abbia fatto \u2013 ho sentito il desiderio di dire qualcosa su questo argomento come autrice di un romanzo paranormal fantasy, PRELUDE, edito da Armando Curcio Editore, che vorrei presentare ai lettori di Neimaran. Ringrazio dunque Matteo Rosati per questa opportunit\u00e0 di \u201craccontarmi\u201d ai lettori del blog in questo spazio dedicato agli autori.<\/p>\n<h2 align=\"justify\">Vampiri, un mito sempre attuale<\/h2>\n<p align=\"justify\"><strong>La prima cosa che ci colpisce parlando di vampiri \u00e8 l\u2019attualit\u00e0 di questo mito<\/strong> che dipende certamente dal fascino esercitato da una creatura originariamente umana ma poi trasformata in terrificante essere immortale in seguito al fatale morso con cui i vampiri sono famosi per riprodursi.<strong>Questa commistione di umanit\u00e0 e di immortalit\u00e0 affascina e in qualche modo riduce la percezione della gravit\u00e0 dei misfatti compiuti per perpetuare tale ordine di cose. I successi letterari e cinematografici di questi anni testimoniano questo cambio di rotta rispetto agli antenati letterari del vampiro<\/strong>, figure originariamente relegate indiscutibilmente all\u2019ambito del genere horror ed ora a pieno titolo inserite nel fantasy, nel romanzo rosa, addirittura nella commedia. Anche l\u2019aspetto esteriore si \u00e8 evoluto, infatti esteticamente sono creature bellissime e intriganti, colte, raffinate, o addirittura rassicuranti come il \u201cragazzo della porta accanto\u201d. Del resto la cinematografia ha dato un contributo significativo a questo cambiamento di stile, indubbiamente apprezzato da noi lettori moderni.<\/p>\n<p align=\"justify\"><strong>In realt\u00e0 il mito del vampiro ci riporta ad una dimensione atavica della storia umana, ci riporta alle radici della nostra natura, alle forze istintive e primordiali che nel corso della Storia siamo diventati in grado di dominare e di forgiare alla luce di nobili istinti sociali di sopravvivenza<\/strong>, innalzati dalla necessit\u00e0 del rispetto reciproco e codificati nella legge con cui l\u2019uomo civilizzato governa e amministra le sue relazioni interpersonali. La figura del vampiro ci ricorda quanto questi successi siano labili perch\u00e9 la capacit\u00e0 di fare il male rientra nelle caratteristiche della specie umana, purtroppo.<\/p>\n<h2 align=\"justify\">Prelude \u2013 la storia<\/h2>\n<p align=\"justify\">Gli aspetti su cui ci siamo soffermati tornano tra le righe di PRELUDE, il mio romanzo d\u2019esordio ambientato in Scozia alla fine dell\u2019800. Nella cornice gotica dell\u2019ambientazione accadono eventi misteriosi che sembrano coinvolgere principalmente<strong> il giovanissimo protagonista, William Druce<\/strong>, figlio dell\u2019istitutore assunto dai proprietari del castello per l\u2019educazione dei due rampolli, Duncan e Wynter, coetanei del ragazzo. William scopre nel tempo di avere spiccate doti in qualsiasi cosa faccia e scambia per semplice talento la facilit\u00e0 con cui suona il pianoforte, apprende le lingue, sviluppa la propria forza fisica. Sar\u00e0 solo <strong>al compimento del diciassettesimo anno di et\u00e0 che scoprir\u00e0 quanto tutto ci\u00f2 fosse soltanto il preludio all\u2019incontro del suo destino, l\u2019abbraccio fatale di Vernon Dougal, il Vampiro che lo trasformer\u00e0 in un suo simile.<\/strong> Un destino cui cercher\u00e0 di sfuggire lasciando a Bessborough, nel <i>manor<\/i>, i suoi affetti pi\u00f9 cari, il padre Adam, gli amici, e soprattutto Wynter, l\u2019amore della sua vita. <strong>Un viaggio al seguito di Vernon, nella speranza di poter imparare grazie a lui a vivere tra gli esseri umani senza metterli in pericolo e soprattutto di poter costruire comunque una vita insieme a Wynter.<\/strong><\/p>\n<h2 align=\"justify\">Le highlands scozzesi, un set unico<\/h2>\n<p align=\"justify\"><strong>La Scozia \u00e8 una regione davvero fantastica per i suoi scenari, pieni di colori intensi e profumi caratteristici.<\/strong><\/p>\n<p align=\"justify\">Alcuni luoghi nominati nel romanzo sono immaginari, ad esempio la location del castello, ma i nomi geografici esistono nella realt\u00e0. Siamo nelle Highlands, un paesaggio grandioso in cui vallate solitarie si alternano a montagne imponenti che si gettano nel mare e&nbsp;profondissimi fiordi oceanici si confondono con i <em>loch<\/em>&nbsp;di acqua dolce. Un\u2019area spazzata dai venti, dove le nuvole basse oscurano il cielo avvolgendo il paesaggio di mistero. In questo set unico si trova il manor degli Hateley, un antico castello con le sue torri misteriose che attraggono e spaventano William, e intorno ad esso si stende la fredda brughiera disseminata di laghi e laghetti. <strong>Un\u2019ambientazione ideale per miti e leggende. \u00c8 l\u2019ambientazione tipica del romanzo romantico ottocentesco, un altro elemento che certamente ha dato forza e ispirazione alla narrazione.<\/strong><\/p>\n<h2 align=\"justify\">Uno stile fotografico<\/h2>\n<p align=\"justify\"><strong>Il lettore \u00e8 trasportato all\u2019interno della storia dal racconto di William, l\u2019io narrante, che offre una presa diretta della realt\u00e0 che si trova a vivere in prima persona.<\/strong> Questo espediente narrativo, oltre all\u2019accurata descrizione ambientale, permette di visualizzare esattamente i personaggi, gli eventi, le emozioni. Una storia che si \u00e8 manifestata via via che veniva scritta, con una \u201cvisione dall\u2019alto\u201d sempre soggetta alle richieste di variazione da parte dei personaggi stessi!<\/p>\n<h2 align=\"justify\">Una prospettiva diversa<\/h2>\n<p align=\"justify\"><strong>PRELUDE&nbsp;rivisita il mito del vampiro apportando diversi elementi di originalit\u00e0<\/strong>, come ad esempio le fasi del ritmo circadiano, ossia dei ritmi vitali, e nella scelte delle vittime-prede. Il ciclo lunare conserva un\u2019attrattiva particolare e la luna stessa sembra avere un dialogo speciale con il protagonista durante tutto il corso della sua vita.<\/p>\n<p align=\"justify\">I luoghi e il tempo meteorologico interagiscono con i personaggi, e disegnano, insieme agli eventi misteriosi connessi all\u2019ordinaria quotidianit\u00e0, quell\u2019atmosfera gotica che si respira nel romanzo e che riesce ad armonizzare gli elementi horror con quelli tipicamente romantici. <strong>Una storia che vuole tornare tra le fila delle origini letterarie del vampiro, dove collochiamo Polidori, Stoker, Rice.<\/strong><\/p>\n<p align=\"justify\"><strong>Ma la particolarit\u00e0 di Prelude sta nell\u2019offrire una diversa prospettiva di riflessione: William \u00e8 un adolescente<\/strong>, una personalit\u00e0 in crescita, \u00e8 consapevole di essere un po\u2019 \u201cstrano\u201d e il suo sguardo sulla vita \u00e8 quello di un ragazzo animato dalle insicurezze ma anche dalle grandi passioni tipiche dell\u2019et\u00e0. Il suo amore per Wynter \u00e8 totale e sar\u00e0 questo a permettergli di conservare un cuore in parte umano.<\/p>\n<p align=\"justify\"><strong>Un romanzo di formazione, dunque, fortemente introspettivo in cui \u00e8 facile comprendere che, in fondo, il vampiro \u00e8 in ognuno di noi, \u00e8 quel lato oscuro che va riconosciuto e dominato<\/strong> per evitare che prenda il sopravvento, come la Storia e la cronaca purtroppo ci insegnano. <strong>Solo l\u2019amore pu\u00f2 contrastare questa forza primordiale e, infine, salvarci.<\/strong><\/p>\n<h2 align=\"justify\">Ma chi \u00e8 davvero William?<\/h2>\n<p align=\"justify\"><strong>William sa perfettamente di essere una creatura della notte ma il suo amore per Wynter gli lascia la <i>chance<\/i> di cercare un equilibrio che non lo catapulti completamente nella dimensione oscura del Male.<\/strong> In questo egli rappresenta un po\u2019 l\u2019uomo nella storia, sempre alla ricerca di un posto onorevole e dignitoso da cui guardare il mondo. E, come tutti noi, William \u00e8 alla costante ricerca dell\u2019amore che non lo faccia rassegnare mai a una facile resa alle difficolt\u00e0 della vita.<\/p>\n<p> <\/br><\/br><br \/>\nFONTE: <a href=\"http:\/\/www.neimaran.it\/2017\/01\/13\/prelude\/\" target=\"_blank\" rel=\"noopener\">http:\/\/www.neimaran.it\/2017\/01\/13\/prelude\/<\/a><\/p>\n","protected":false},"excerpt":{"rendered":"<p>Dopo aver letto l\u2019interessantissimo articolo di Matteo Rosati \u201cDracula e il vampiro contemporaneo\u201d \u2013 che consiglio vivamente di leggere a chi ancora non lo abbia fatto<span class=\"excerpt-hellip\"> [\u2026]<\/span><\/p>\n","protected":false},"author":1,"featured_media":2386,"comment_status":"open","ping_status":"open","sticky":false,"template":"","format":"standard","meta":{"ngg_post_thumbnail":0,"footnotes":""},"categories":[27],"tags":[],"class_list":["post-3066","post","type-post","status-publish","format-standard","has-post-thumbnail","hentry","category-recensioni"],"yoast_head":"<!-- This site is optimized with the Yoast SEO plugin v26.8 - https:\/\/yoast.com\/product\/yoast-seo-wordpress\/ -->\n<title>Il paranormal fantasy torna alle origini - Lea Valti<\/title>\n<meta name=\"robots\" content=\"index, follow, max-snippet:-1, max-image-preview:large, max-video-preview:-1\" \/>\n<link rel=\"canonical\" href=\"https:\/\/leavalti.com\/it\/il-paranormal-fantasy-torna-alle-origini\/\" \/>\n<meta property=\"og:locale\" content=\"it_IT\" \/>\n<meta property=\"og:type\" content=\"article\" \/>\n<meta property=\"og:title\" content=\"Il paranormal fantasy torna alle origini - Lea Valti\" \/>\n<meta property=\"og:description\" content=\"Dopo aver letto l\u2019interessantissimo articolo di Matteo Rosati \u201cDracula e il vampiro contemporaneo\u201d \u2013 che consiglio vivamente di leggere a chi ancora non lo abbia fatto [\u2026]\" \/>\n<meta property=\"og:url\" content=\"https:\/\/leavalti.com\/it\/il-paranormal-fantasy-torna-alle-origini\/\" \/>\n<meta property=\"og:site_name\" content=\"Lea Valti\" \/>\n<meta property=\"article:published_time\" content=\"2017-05-02T13:51:22+00:00\" \/>\n<meta property=\"article:modified_time\" content=\"2023-01-27T09:53:29+00:00\" \/>\n<meta property=\"og:image\" content=\"https:\/\/leavalti.com\/wp-content\/uploads\/2017\/03\/home_writer_slider_pic4.jpg\" \/>\n\t<meta property=\"og:image:width\" content=\"208\" \/>\n\t<meta property=\"og:image:height\" content=\"285\" \/>\n\t<meta property=\"og:image:type\" content=\"image\/jpeg\" \/>\n<meta name=\"author\" content=\"@ObanSannita2017\" \/>\n<meta name=\"twitter:card\" content=\"summary_large_image\" \/>\n<meta name=\"twitter:label1\" content=\"Scritto da\" \/>\n\t<meta name=\"twitter:data1\" content=\"@ObanSannita2017\" \/>\n\t<meta name=\"twitter:label2\" content=\"Tempo di lettura stimato\" \/>\n\t<meta name=\"twitter:data2\" content=\"5 minuti\" \/>\n<script type=\"application\/ld+json\" class=\"yoast-schema-graph\">{\"@context\":\"https:\/\/schema.org\",\"@graph\":[{\"@type\":\"Article\",\"@id\":\"https:\/\/leavalti.com\/it\/il-paranormal-fantasy-torna-alle-origini\/#article\",\"isPartOf\":{\"@id\":\"https:\/\/leavalti.com\/it\/il-paranormal-fantasy-torna-alle-origini\/\"},\"author\":{\"name\":\"@ObanSannita2017\",\"@id\":\"https:\/\/leavalti.com\/it\/#\/schema\/person\/1599a5490d313a7d8fd6df61728182c2\"},\"headline\":\"Il paranormal fantasy torna alle origini\",\"datePublished\":\"2017-05-02T13:51:22+00:00\",\"dateModified\":\"2023-01-27T09:53:29+00:00\",\"mainEntityOfPage\":{\"@id\":\"https:\/\/leavalti.com\/it\/il-paranormal-fantasy-torna-alle-origini\/\"},\"wordCount\":1096,\"commentCount\":0,\"image\":{\"@id\":\"https:\/\/leavalti.com\/it\/il-paranormal-fantasy-torna-alle-origini\/#primaryimage\"},\"thumbnailUrl\":\"https:\/\/leavalti.com\/wp-content\/uploads\/2017\/03\/home_writer_slider_pic4.jpg\",\"articleSection\":[\"Recensioni\"],\"inLanguage\":\"it-IT\",\"potentialAction\":[{\"@type\":\"CommentAction\",\"name\":\"Comment\",\"target\":[\"https:\/\/leavalti.com\/it\/il-paranormal-fantasy-torna-alle-origini\/#respond\"]}]},{\"@type\":\"WebPage\",\"@id\":\"https:\/\/leavalti.com\/it\/il-paranormal-fantasy-torna-alle-origini\/\",\"url\":\"https:\/\/leavalti.com\/it\/il-paranormal-fantasy-torna-alle-origini\/\",\"name\":\"Il paranormal fantasy torna alle origini - Lea Valti\",\"isPartOf\":{\"@id\":\"https:\/\/leavalti.com\/it\/#website\"},\"primaryImageOfPage\":{\"@id\":\"https:\/\/leavalti.com\/it\/il-paranormal-fantasy-torna-alle-origini\/#primaryimage\"},\"image\":{\"@id\":\"https:\/\/leavalti.com\/it\/il-paranormal-fantasy-torna-alle-origini\/#primaryimage\"},\"thumbnailUrl\":\"https:\/\/leavalti.com\/wp-content\/uploads\/2017\/03\/home_writer_slider_pic4.jpg\",\"datePublished\":\"2017-05-02T13:51:22+00:00\",\"dateModified\":\"2023-01-27T09:53:29+00:00\",\"author\":{\"@id\":\"https:\/\/leavalti.com\/it\/#\/schema\/person\/1599a5490d313a7d8fd6df61728182c2\"},\"breadcrumb\":{\"@id\":\"https:\/\/leavalti.com\/it\/il-paranormal-fantasy-torna-alle-origini\/#breadcrumb\"},\"inLanguage\":\"it-IT\",\"potentialAction\":[{\"@type\":\"ReadAction\",\"target\":[\"https:\/\/leavalti.com\/it\/il-paranormal-fantasy-torna-alle-origini\/\"]}]},{\"@type\":\"ImageObject\",\"inLanguage\":\"it-IT\",\"@id\":\"https:\/\/leavalti.com\/it\/il-paranormal-fantasy-torna-alle-origini\/#primaryimage\",\"url\":\"https:\/\/leavalti.com\/wp-content\/uploads\/2017\/03\/home_writer_slider_pic4.jpg\",\"contentUrl\":\"https:\/\/leavalti.com\/wp-content\/uploads\/2017\/03\/home_writer_slider_pic4.jpg\",\"width\":208,\"height\":285},{\"@type\":\"BreadcrumbList\",\"@id\":\"https:\/\/leavalti.com\/it\/il-paranormal-fantasy-torna-alle-origini\/#breadcrumb\",\"itemListElement\":[{\"@type\":\"ListItem\",\"position\":1,\"name\":\"Home\",\"item\":\"https:\/\/leavalti.com\/it\/\"},{\"@type\":\"ListItem\",\"position\":2,\"name\":\"Il paranormal fantasy torna alle origini\"}]},{\"@type\":\"WebSite\",\"@id\":\"https:\/\/leavalti.com\/it\/#website\",\"url\":\"https:\/\/leavalti.com\/it\/\",\"name\":\"Lea Valti\",\"description\":\"Discovering a writer\",\"potentialAction\":[{\"@type\":\"SearchAction\",\"target\":{\"@type\":\"EntryPoint\",\"urlTemplate\":\"https:\/\/leavalti.com\/it\/?s={search_term_string}\"},\"query-input\":{\"@type\":\"PropertyValueSpecification\",\"valueRequired\":true,\"valueName\":\"search_term_string\"}}],\"inLanguage\":\"it-IT\"},{\"@type\":\"Person\",\"@id\":\"https:\/\/leavalti.com\/it\/#\/schema\/person\/1599a5490d313a7d8fd6df61728182c2\",\"name\":\"@ObanSannita2017\",\"image\":{\"@type\":\"ImageObject\",\"inLanguage\":\"it-IT\",\"@id\":\"https:\/\/leavalti.com\/it\/#\/schema\/person\/image\/\",\"url\":\"https:\/\/secure.gravatar.com\/avatar\/524b228728a24d68a6ebad57eeea4c58?s=96&d=mm&r=g\",\"contentUrl\":\"https:\/\/secure.gravatar.com\/avatar\/524b228728a24d68a6ebad57eeea4c58?s=96&d=mm&r=g\",\"caption\":\"@ObanSannita2017\"},\"url\":\"https:\/\/leavalti.com\/it\/author\/ysbagency\/\"}]}<\/script>\n<!-- \/ Yoast SEO plugin. -->","yoast_head_json":{"title":"Il paranormal fantasy torna alle origini - Lea Valti","robots":{"index":"index","follow":"follow","max-snippet":"max-snippet:-1","max-image-preview":"max-image-preview:large","max-video-preview":"max-video-preview:-1"},"canonical":"https:\/\/leavalti.com\/it\/il-paranormal-fantasy-torna-alle-origini\/","og_locale":"it_IT","og_type":"article","og_title":"Il paranormal fantasy torna alle origini - Lea Valti","og_description":"Dopo aver letto l\u2019interessantissimo articolo di Matteo Rosati \u201cDracula e il vampiro contemporaneo\u201d \u2013 che consiglio vivamente di leggere a chi ancora non lo abbia fatto [\u2026]","og_url":"https:\/\/leavalti.com\/it\/il-paranormal-fantasy-torna-alle-origini\/","og_site_name":"Lea Valti","article_published_time":"2017-05-02T13:51:22+00:00","article_modified_time":"2023-01-27T09:53:29+00:00","og_image":[{"width":208,"height":285,"url":"https:\/\/leavalti.com\/wp-content\/uploads\/2017\/03\/home_writer_slider_pic4.jpg","type":"image\/jpeg"}],"author":"@ObanSannita2017","twitter_card":"summary_large_image","twitter_misc":{"Scritto da":"@ObanSannita2017","Tempo di lettura stimato":"5 minuti"},"schema":{"@context":"https:\/\/schema.org","@graph":[{"@type":"Article","@id":"https:\/\/leavalti.com\/it\/il-paranormal-fantasy-torna-alle-origini\/#article","isPartOf":{"@id":"https:\/\/leavalti.com\/it\/il-paranormal-fantasy-torna-alle-origini\/"},"author":{"name":"@ObanSannita2017","@id":"https:\/\/leavalti.com\/it\/#\/schema\/person\/1599a5490d313a7d8fd6df61728182c2"},"headline":"Il paranormal fantasy torna alle origini","datePublished":"2017-05-02T13:51:22+00:00","dateModified":"2023-01-27T09:53:29+00:00","mainEntityOfPage":{"@id":"https:\/\/leavalti.com\/it\/il-paranormal-fantasy-torna-alle-origini\/"},"wordCount":1096,"commentCount":0,"image":{"@id":"https:\/\/leavalti.com\/it\/il-paranormal-fantasy-torna-alle-origini\/#primaryimage"},"thumbnailUrl":"https:\/\/leavalti.com\/wp-content\/uploads\/2017\/03\/home_writer_slider_pic4.jpg","articleSection":["Recensioni"],"inLanguage":"it-IT","potentialAction":[{"@type":"CommentAction","name":"Comment","target":["https:\/\/leavalti.com\/it\/il-paranormal-fantasy-torna-alle-origini\/#respond"]}]},{"@type":"WebPage","@id":"https:\/\/leavalti.com\/it\/il-paranormal-fantasy-torna-alle-origini\/","url":"https:\/\/leavalti.com\/it\/il-paranormal-fantasy-torna-alle-origini\/","name":"Il paranormal fantasy torna alle origini - Lea Valti","isPartOf":{"@id":"https:\/\/leavalti.com\/it\/#website"},"primaryImageOfPage":{"@id":"https:\/\/leavalti.com\/it\/il-paranormal-fantasy-torna-alle-origini\/#primaryimage"},"image":{"@id":"https:\/\/leavalti.com\/it\/il-paranormal-fantasy-torna-alle-origini\/#primaryimage"},"thumbnailUrl":"https:\/\/leavalti.com\/wp-content\/uploads\/2017\/03\/home_writer_slider_pic4.jpg","datePublished":"2017-05-02T13:51:22+00:00","dateModified":"2023-01-27T09:53:29+00:00","author":{"@id":"https:\/\/leavalti.com\/it\/#\/schema\/person\/1599a5490d313a7d8fd6df61728182c2"},"breadcrumb":{"@id":"https:\/\/leavalti.com\/it\/il-paranormal-fantasy-torna-alle-origini\/#breadcrumb"},"inLanguage":"it-IT","potentialAction":[{"@type":"ReadAction","target":["https:\/\/leavalti.com\/it\/il-paranormal-fantasy-torna-alle-origini\/"]}]},{"@type":"ImageObject","inLanguage":"it-IT","@id":"https:\/\/leavalti.com\/it\/il-paranormal-fantasy-torna-alle-origini\/#primaryimage","url":"https:\/\/leavalti.com\/wp-content\/uploads\/2017\/03\/home_writer_slider_pic4.jpg","contentUrl":"https:\/\/leavalti.com\/wp-content\/uploads\/2017\/03\/home_writer_slider_pic4.jpg","width":208,"height":285},{"@type":"BreadcrumbList","@id":"https:\/\/leavalti.com\/it\/il-paranormal-fantasy-torna-alle-origini\/#breadcrumb","itemListElement":[{"@type":"ListItem","position":1,"name":"Home","item":"https:\/\/leavalti.com\/it\/"},{"@type":"ListItem","position":2,"name":"Il paranormal fantasy torna alle origini"}]},{"@type":"WebSite","@id":"https:\/\/leavalti.com\/it\/#website","url":"https:\/\/leavalti.com\/it\/","name":"Lea Valti","description":"Discovering a writer","potentialAction":[{"@type":"SearchAction","target":{"@type":"EntryPoint","urlTemplate":"https:\/\/leavalti.com\/it\/?s={search_term_string}"},"query-input":{"@type":"PropertyValueSpecification","valueRequired":true,"valueName":"search_term_string"}}],"inLanguage":"it-IT"},{"@type":"Person","@id":"https:\/\/leavalti.com\/it\/#\/schema\/person\/1599a5490d313a7d8fd6df61728182c2","name":"@ObanSannita2017","image":{"@type":"ImageObject","inLanguage":"it-IT","@id":"https:\/\/leavalti.com\/it\/#\/schema\/person\/image\/","url":"https:\/\/secure.gravatar.com\/avatar\/524b228728a24d68a6ebad57eeea4c58?s=96&d=mm&r=g","contentUrl":"https:\/\/secure.gravatar.com\/avatar\/524b228728a24d68a6ebad57eeea4c58?s=96&d=mm&r=g","caption":"@ObanSannita2017"},"url":"https:\/\/leavalti.com\/it\/author\/ysbagency\/"}]}},"_links":{"self":[{"href":"https:\/\/leavalti.com\/it\/wp-json\/wp\/v2\/posts\/3066","targetHints":{"allow":["GET"]}}],"collection":[{"href":"https:\/\/leavalti.com\/it\/wp-json\/wp\/v2\/posts"}],"about":[{"href":"https:\/\/leavalti.com\/it\/wp-json\/wp\/v2\/types\/post"}],"author":[{"embeddable":true,"href":"https:\/\/leavalti.com\/it\/wp-json\/wp\/v2\/users\/1"}],"replies":[{"embeddable":true,"href":"https:\/\/leavalti.com\/it\/wp-json\/wp\/v2\/comments?post=3066"}],"version-history":[{"count":4,"href":"https:\/\/leavalti.com\/it\/wp-json\/wp\/v2\/posts\/3066\/revisions"}],"predecessor-version":[{"id":3528,"href":"https:\/\/leavalti.com\/it\/wp-json\/wp\/v2\/posts\/3066\/revisions\/3528"}],"wp:featuredmedia":[{"embeddable":true,"href":"https:\/\/leavalti.com\/it\/wp-json\/wp\/v2\/media\/2386"}],"wp:attachment":[{"href":"https:\/\/leavalti.com\/it\/wp-json\/wp\/v2\/media?parent=3066"}],"wp:term":[{"taxonomy":"category","embeddable":true,"href":"https:\/\/leavalti.com\/it\/wp-json\/wp\/v2\/categories?post=3066"},{"taxonomy":"post_tag","embeddable":true,"href":"https:\/\/leavalti.com\/it\/wp-json\/wp\/v2\/tags?post=3066"}],"curies":[{"name":"wp","href":"https:\/\/api.w.org\/{rel}","templated":true}]}}